{"id":1411,"date":"2013-06-13T09:58:24","date_gmt":"2013-06-13T07:58:24","guid":{"rendered":"http:\/\/kurera.se\/linda-lampenius\/?p=1411"},"modified":"2013-06-13T09:58:24","modified_gmt":"2013-06-13T07:58:24","slug":"mys-och-viktigt-mote","status":"publish","type":"post","link":"https:\/\/lindalampenius.com\/eng\/mys-och-viktigt-mote\/","title":{"rendered":"Mys och viktigt m\u00f6te"},"content":{"rendered":"<p>Vi tjejer har b\u00f6rjat dagen med en mysstund. Sk\u00f6nt att inte beh\u00f6va stressa iv\u00e4g till dagis med Olivia.<\/p>\n<p><a href=\"http:\/\/kurera.se\/linda-lampenius\/files\/2013\/06\/wpid-1371103099128.jpg\"><img decoding=\"async\" title=\"1371103099128.jpg\" class=\"alignnone size-full\" alt=\"image\" src=\"http:\/\/kurera.se\/linda-lampenius\/files\/2013\/06\/wpid-1371103099128.jpg\" \/><\/a><\/p>\n<p>Kl 14 \u00e4r det dags f\u00f6r m\u00f6te med en holl\u00e4ndsk agent jag jobbat med sedan slutet p\u00e5 90-talet. Han har fixat flera jobb i Ryssland och ett i Kazakstan. F\u00f6rra \u00e5ret f\u00f6rde han mig och Nigel Kennedy samman. Jag skulle vara g\u00e4startist p\u00e5 Nigels konsert i Tallinn. Tyv\u00e4rr fick jag backa ur i sista stund pga graviditetskr\u00e4mpor.<br \/>\nSer fram emot dagens m\u00f6te&#8230; Underbara och s\u00e5\u00e5\u00e5 snygga pianisten Carina E. Nilsson skall vara med \ud83d\ude42<\/p>\n<p><a href=\"http:\/\/kurera.se\/linda-lampenius\/files\/2013\/06\/wpid-489959_729_532_1.jpeg\"><img decoding=\"async\" title=\"489959_729_532_1.jpeg\" class=\"alignnone size-full\" alt=\"image\" src=\"http:\/\/kurera.se\/linda-lampenius\/files\/2013\/06\/wpid-489959_729_532_1.jpeg\" \/><\/a><\/p>\n<p><a href=\"http:\/\/kurera.se\/linda-lampenius\/files\/2013\/06\/wpid-279145_729_488_1.jpeg\"><img decoding=\"async\" title=\"279145_729_488_1.jpeg\" class=\"alignnone size-full\" alt=\"image\" src=\"http:\/\/kurera.se\/linda-lampenius\/files\/2013\/06\/wpid-279145_729_488_1.jpeg\" \/><\/a><\/p>\n<p><a href=\"http:\/\/kurera.se\/linda-lampenius\/files\/2013\/06\/wpid-stadshuset-med-carina-och-kroumata.jpeg\"><img decoding=\"async\" title=\"Stadshuset-med-Carina-och-Kroumata.jpeg\" class=\"alignnone size-full\" alt=\"image\" src=\"http:\/\/kurera.se\/linda-lampenius\/files\/2013\/06\/wpid-stadshuset-med-carina-och-kroumata.jpeg\" \/><\/a><\/p>\n<p><a href=\"http:\/\/kurera.se\/linda-lampenius\/files\/2013\/06\/wpid-grace.jpeg\"><img decoding=\"async\" title=\"grace.jpeg\" class=\"alignnone size-full\" alt=\"image\" src=\"http:\/\/kurera.se\/linda-lampenius\/files\/2013\/06\/wpid-grace.jpeg\" \/><\/a><\/p>\n<p><a href=\"http:\/\/kurera.se\/linda-lampenius\/files\/2013\/06\/wpid-water-2.jpeg\"><img decoding=\"async\" title=\"Water-2.jpeg\" class=\"alignnone size-full\" alt=\"image\" src=\"http:\/\/kurera.se\/linda-lampenius\/files\/2013\/06\/wpid-water-2.jpeg\" \/><\/a><\/p>\n<p><a href=\"http:\/\/kurera.se\/linda-lampenius\/files\/2013\/06\/wpid-stadshuset-med-carina.jpeg\"><img decoding=\"async\" title=\"Stadshuset-med-Carina.jpeg\" class=\"alignnone size-full\" alt=\"image\" src=\"http:\/\/kurera.se\/linda-lampenius\/files\/2013\/06\/wpid-stadshuset-med-carina.jpeg\" \/><\/a><\/p>\n<p><a href=\"http:\/\/kurera.se\/linda-lampenius\/files\/2013\/06\/wpid-20120902-134901.jpeg\"><img decoding=\"async\" title=\"20120902-134901.jpeg\" class=\"alignnone size-full\" alt=\"image\" src=\"http:\/\/kurera.se\/linda-lampenius\/files\/2013\/06\/wpid-20120902-134901.jpeg\" \/><\/a><\/p>\n<p><a href=\"http:\/\/kurera.se\/linda-lampenius\/files\/2013\/06\/wpid-20110528-032538.jpeg\"><img decoding=\"async\" title=\"20110528-032538.jpeg\" class=\"alignnone size-full\" alt=\"image\" src=\"http:\/\/kurera.se\/linda-lampenius\/files\/2013\/06\/wpid-20110528-032538.jpeg\" \/><\/a><\/p>\n<p><a href=\"http:\/\/kurera.se\/linda-lampenius\/files\/2013\/06\/wpid-628306_729_488_1.jpeg\"><img decoding=\"async\" title=\"628306_729_488_1.jpeg\" class=\"alignnone size-full\" alt=\"image\" src=\"http:\/\/kurera.se\/linda-lampenius\/files\/2013\/06\/wpid-628306_729_488_1.jpeg\" \/><\/a><\/p>\n","protected":false},"excerpt":{"rendered":"<p>Vi tjejer har b\u00f6rjat dagen med en mysstund. Sk\u00f6nt att inte beh\u00f6va stressa iv\u00e4g till dagis med Olivia. Kl 14 \u00e4r det dags f\u00f6r m\u00f6te med en holl\u00e4ndsk agent jag&#8230;<\/p>\n","protected":false},"author":1,"featured_media":0,"comment_status":"open","ping_status":"open","sticky":false,"template":"","format":"standard","meta":{"_bbp_topic_count":0,"_bbp_reply_count":0,"_bbp_total_topic_count":0,"_bbp_total_reply_count":0,"_bbp_voice_count":0,"_bbp_anonymous_reply_count":0,"_bbp_topic_count_hidden":0,"_bbp_reply_count_hidden":0,"_bbp_forum_subforum_count":0,"footnotes":""},"categories":[12,13,23,41,44,58],"tags":[246,855],"class_list":{"0":"post-1411","1":"post","2":"type-post","3":"status-publish","4":"format-standard","6":"category-baby","7":"category-barn","8":"category-familj","9":"category-jobb","10":"category-konsert","11":"category-olivia","12":"tag-carina-e-nilsson","13":"tag-mys"},"_links":{"self":[{"href":"https:\/\/lindalampenius.com\/eng\/wp-json\/wp\/v2\/posts\/1411","targetHints":{"allow":["GET"]}}],"collection":[{"href":"https:\/\/lindalampenius.com\/eng\/wp-json\/wp\/v2\/posts"}],"about":[{"href":"https:\/\/lindalampenius.com\/eng\/wp-json\/wp\/v2\/types\/post"}],"author":[{"embeddable":true,"href":"https:\/\/lindalampenius.com\/eng\/wp-json\/wp\/v2\/users\/1"}],"replies":[{"embeddable":true,"href":"https:\/\/lindalampenius.com\/eng\/wp-json\/wp\/v2\/comments?post=1411"}],"version-history":[{"count":0,"href":"https:\/\/lindalampenius.com\/eng\/wp-json\/wp\/v2\/posts\/1411\/revisions"}],"wp:attachment":[{"href":"https:\/\/lindalampenius.com\/eng\/wp-json\/wp\/v2\/media?parent=1411"}],"wp:term":[{"taxonomy":"category","embeddable":true,"href":"https:\/\/lindalampenius.com\/eng\/wp-json\/wp\/v2\/categories?post=1411"},{"taxonomy":"post_tag","embeddable":true,"href":"https:\/\/lindalampenius.com\/eng\/wp-json\/wp\/v2\/tags?post=1411"}],"curies":[{"name":"wp","href":"https:\/\/api.w.org\/{rel}","templated":true}]}}