{"id":3474,"date":"2012-10-08T11:28:53","date_gmt":"2012-10-08T09:28:53","guid":{"rendered":"http:\/\/kurera.se\/linda-lampenius\/?p=342"},"modified":"2012-10-08T11:28:53","modified_gmt":"2012-10-08T09:28:53","slug":"mysiga-klader-pa-hm-for-nyfodda-barn","status":"publish","type":"post","link":"https:\/\/lindalampenius.com\/eng\/mysiga-klader-pa-hm-for-nyfodda-barn\/","title":{"rendered":"Mysiga kl\u00e4der p\u00e5 H&#038;M f\u00f6r nyf\u00f6dda barn"},"content":{"rendered":"<p>Nu har jag k\u00f6pt f\u00f6rsta kl\u00e4desplaggen \u00e5t lilla tjejen, som skall komma till oss i januari. Kunde inte h\u00e5lla mig n\u00e4r jag gick p\u00e5 H&amp;M. Jag tycker att b\u00e5de H&amp;M och KappAhl har v\u00e4ldigt fina kl\u00e4der f\u00f6r barn, f\u00f6r en billig peng. Dessutom var flera av plaggen jag k\u00f6pte &#8221;ekologiska produkter&#8221;.<\/p>\n<p><a href=\"http:\/\/kurera.se\/linda-lampenius\/2012\/10\/08\/mysiga-klader-pa-hm-for-nyfodda-barn\/20121008_111230\/\" rel=\"attachment wp-att-343\"><img loading=\"lazy\" decoding=\"async\" class=\"alignnone size-medium wp-image-343\" src=\"http:\/\/kurera.se\/linda-lampenius\/files\/2012\/10\/20121008_111230-460x345.jpg\" alt=\"\" width=\"460\" height=\"345\" \/><\/a><\/p>\n<p>Jag k\u00f6pte p\u00e5 tok f\u00f6r mycket kl\u00e4der \u00e5t Olivia n\u00e4r hon kom (och g\u00f6r det fortfarande, haha), men den h\u00e4r g\u00e5ngen skall jag f\u00f6rs\u00f6ka h\u00e5lla mig s\u00e5 bra det g\u00e5r. Dessutom kommer ju lillan att \u00e4rva alla Olivias gamla kl\u00e4der. Praktiskt med en liten tjej till \ud83d\ude42<\/p>\n","protected":false},"excerpt":{"rendered":"<p>Nu har jag k\u00f6pt f\u00f6rsta kl\u00e4desplaggen \u00e5t lilla tjejen, som skall komma till oss i januari. Kunde inte h\u00e5lla mig n\u00e4r jag gick p\u00e5 H&amp;M. Jag tycker att b\u00e5de H&amp;M&#8230;<\/p>\n","protected":false},"author":1,"featured_media":0,"comment_status":"open","ping_status":"open","sticky":false,"template":"","format":"standard","meta":{"_bbp_topic_count":0,"_bbp_reply_count":0,"_bbp_total_topic_count":0,"_bbp_total_reply_count":0,"_bbp_voice_count":0,"_bbp_anonymous_reply_count":0,"_bbp_topic_count_hidden":0,"_bbp_reply_count_hidden":0,"_bbp_forum_subforum_count":0,"footnotes":""},"categories":[12,13,43],"tags":[338,466,646,884],"class_list":{"0":"post-3474","1":"post","2":"type-post","3":"status-publish","4":"format-standard","6":"category-baby","7":"category-barn","8":"category-klader","9":"tag-ekologisk-2","10":"tag-hm","11":"tag-klader-2","12":"tag-nyfodd"},"_links":{"self":[{"href":"https:\/\/lindalampenius.com\/eng\/wp-json\/wp\/v2\/posts\/3474","targetHints":{"allow":["GET"]}}],"collection":[{"href":"https:\/\/lindalampenius.com\/eng\/wp-json\/wp\/v2\/posts"}],"about":[{"href":"https:\/\/lindalampenius.com\/eng\/wp-json\/wp\/v2\/types\/post"}],"author":[{"embeddable":true,"href":"https:\/\/lindalampenius.com\/eng\/wp-json\/wp\/v2\/users\/1"}],"replies":[{"embeddable":true,"href":"https:\/\/lindalampenius.com\/eng\/wp-json\/wp\/v2\/comments?post=3474"}],"version-history":[{"count":0,"href":"https:\/\/lindalampenius.com\/eng\/wp-json\/wp\/v2\/posts\/3474\/revisions"}],"wp:attachment":[{"href":"https:\/\/lindalampenius.com\/eng\/wp-json\/wp\/v2\/media?parent=3474"}],"wp:term":[{"taxonomy":"category","embeddable":true,"href":"https:\/\/lindalampenius.com\/eng\/wp-json\/wp\/v2\/categories?post=3474"},{"taxonomy":"post_tag","embeddable":true,"href":"https:\/\/lindalampenius.com\/eng\/wp-json\/wp\/v2\/tags?post=3474"}],"curies":[{"name":"wp","href":"https:\/\/api.w.org\/{rel}","templated":true}]}}