{"id":3475,"date":"2012-10-08T22:22:46","date_gmt":"2012-10-08T20:22:46","guid":{"rendered":"http:\/\/kurera.se\/linda-lampenius\/?p=352"},"modified":"2012-10-08T22:22:46","modified_gmt":"2012-10-08T20:22:46","slug":"gravidpilates-sagor-och-weleda-produkter","status":"publish","type":"post","link":"https:\/\/lindalampenius.com\/eng\/gravidpilates-sagor-och-weleda-produkter\/","title":{"rendered":"Gravidpilates, sagor och Weleda-produkter"},"content":{"rendered":"<p>Efter att ha nattat Olivia, har jag l\u00e4st i ett par av mina pilates b\u00f6cker. Imorgon b\u00f6rjar jag n\u00e4mligen tr\u00e4na med en gravidpilates grupp p\u00e5 http:\/\/www.egentid.se Skall bli s\u00e5 kul! \u00c4lskar pilates, men har inte tr\u00e4nat det sedan jag var gravid med Olivia. D\u00e5 gick jag p\u00e5 inmo och var j\u00e4tte n\u00f6jd med tr\u00e4ningen.<\/p>\n<p>Idag k\u00f6pte jag f\u00f6r f\u00f6rsta g\u00e5ngen Weledas produkter f\u00f6r ansiktet. B\u00e5de serumet och kr\u00e4men k\u00e4ndes h\u00e4rliga p\u00e5 hyn. Skall bli intressant att se hur dessa produkter funkar.<br \/>\nK\u00f6pte ocks\u00e5 produkten mamma (Vital). Hittills har jag under min graviditet tagit en motsvarande produkt som heter Kvinna (apoteket)<\/p>\n<p><img decoding=\"async\" class=\"alignnone\" alt=\"image\" src=\"http:\/\/kurera.se\/linda-lampenius\/files\/2012\/10\/wpid-20121008_213814-1.jpg\" \/><\/p>\n<p><img decoding=\"async\" class=\"alignnone\" alt=\"image\" src=\"http:\/\/kurera.se\/linda-lampenius\/files\/2012\/10\/wpid-A2225_1.jpeg\" \/><\/p>\n<p><img decoding=\"async\" class=\"alignnone\" alt=\"image\" src=\"http:\/\/kurera.se\/linda-lampenius\/files\/2012\/10\/wpid-1349726296328.jpg\" \/><\/p>\n<p><img decoding=\"async\" class=\"alignnone\" alt=\"image\" src=\"http:\/\/kurera.se\/linda-lampenius\/files\/2012\/10\/wpid-13497258193171.jpg\" \/> <\/p>\n<p>Sov s\u00e5 gott!<\/p>\n","protected":false},"excerpt":{"rendered":"<p>Efter att ha nattat Olivia, har jag l\u00e4st i ett par av mina pilates b\u00f6cker. Imorgon b\u00f6rjar jag n\u00e4mligen tr\u00e4na med en gravidpilates grupp p\u00e5 http:\/\/www.egentid.se Skall bli s\u00e5 kul!&#8230;<\/p>\n","protected":false},"author":1,"featured_media":0,"comment_status":"open","ping_status":"open","sticky":false,"template":"","format":"standard","meta":{"_bbp_topic_count":0,"_bbp_reply_count":0,"_bbp_total_topic_count":0,"_bbp_total_reply_count":0,"_bbp_voice_count":0,"_bbp_anonymous_reply_count":0,"_bbp_topic_count_hidden":0,"_bbp_reply_count_hidden":0,"_bbp_forum_subforum_count":0,"footnotes":""},"categories":[13,17,35,46,70],"tags":[450,455,673,772,1023,1047,1249,1264],"class_list":{"0":"post-3475","1":"post","2":"type-post","3":"status-publish","4":"format-standard","6":"category-barn","7":"category-bocker","8":"category-halsokost","9":"category-kosttillskott","10":"category-traning","11":"tag-granatapple","12":"tag-gravidpilates","13":"tag-kram","14":"tag-mamma","15":"tag-sagor","16":"tag-serum","17":"tag-vital","18":"tag-weleda"},"_links":{"self":[{"href":"https:\/\/lindalampenius.com\/eng\/wp-json\/wp\/v2\/posts\/3475","targetHints":{"allow":["GET"]}}],"collection":[{"href":"https:\/\/lindalampenius.com\/eng\/wp-json\/wp\/v2\/posts"}],"about":[{"href":"https:\/\/lindalampenius.com\/eng\/wp-json\/wp\/v2\/types\/post"}],"author":[{"embeddable":true,"href":"https:\/\/lindalampenius.com\/eng\/wp-json\/wp\/v2\/users\/1"}],"replies":[{"embeddable":true,"href":"https:\/\/lindalampenius.com\/eng\/wp-json\/wp\/v2\/comments?post=3475"}],"version-history":[{"count":0,"href":"https:\/\/lindalampenius.com\/eng\/wp-json\/wp\/v2\/posts\/3475\/revisions"}],"wp:attachment":[{"href":"https:\/\/lindalampenius.com\/eng\/wp-json\/wp\/v2\/media?parent=3475"}],"wp:term":[{"taxonomy":"category","embeddable":true,"href":"https:\/\/lindalampenius.com\/eng\/wp-json\/wp\/v2\/categories?post=3475"},{"taxonomy":"post_tag","embeddable":true,"href":"https:\/\/lindalampenius.com\/eng\/wp-json\/wp\/v2\/tags?post=3475"}],"curies":[{"name":"wp","href":"https:\/\/api.w.org\/{rel}","templated":true}]}}