{"id":3575,"date":"2013-01-04T20:18:59","date_gmt":"2013-01-04T20:18:59","guid":{"rendered":"http:\/\/lindalampenius.com\/eng\/bild-i-damernas-varld-2\/"},"modified":"2013-01-04T20:18:59","modified_gmt":"2013-01-04T20:18:59","slug":"bild-i-damernas-varld-2","status":"publish","type":"post","link":"https:\/\/lindalampenius.com\/eng\/bild-i-damernas-varld-2\/","title":{"rendered":"Bild i Damernas V\u00e4rld"},"content":{"rendered":"<p>Hittade ig\u00e5r en bild + intervju, som hade publicerats i Damernas V\u00e4rld 1998. Hade gl\u00f6mt bort detta reportage helt och h\u00e5llet. Tycker faktiskt att denna bild \u00e4r en av de coolaste bilder som tagits p\u00e5 mig \ud83d\ude42<br \/>\nStort tack till DV!!<\/p>\n<p><a href=\"http:\/\/kurera.se\/linda-lampenius\/files\/2013\/01\/wpid-20130103_141132.jpg\"><img decoding=\"async\" class=\"alignnone\" alt=\"image\" src=\"http:\/\/kurera.se\/linda-lampenius\/files\/2013\/01\/wpid-20130103_141132.jpg\" \/><\/a><\/p>\n<p><a href=\"http:\/\/kurera.se\/linda-lampenius\/files\/2013\/01\/wpid-20130103_141302.jpg\"><img decoding=\"async\" class=\"alignnone\" alt=\"image\" src=\"http:\/\/kurera.se\/linda-lampenius\/files\/2013\/01\/wpid-20130103_141302.jpg\" \/><\/a><\/p>\n","protected":false},"excerpt":{"rendered":"<p>Hittade ig\u00e5r en bild + intervju, som hade publicerats i Damernas V\u00e4rld 1998. Hade gl\u00f6mt bort detta reportage helt och h\u00e5llet. Tycker faktiskt att denna bild \u00e4r en av de&#8230;<\/p>\n","protected":false},"author":0,"featured_media":0,"comment_status":"closed","ping_status":"closed","sticky":false,"template":"","format":"standard","meta":{"_bbp_topic_count":0,"_bbp_reply_count":0,"_bbp_total_topic_count":0,"_bbp_total_reply_count":0,"_bbp_voice_count":0,"_bbp_anonymous_reply_count":0,"_bbp_topic_count_hidden":0,"_bbp_reply_count_hidden":0,"_bbp_forum_subforum_count":0,"footnotes":""},"categories":[28,50,1391,61],"tags":[296,328,418,550,809],"class_list":{"0":"post-3575","1":"post","2":"type-post","3":"status-publish","4":"format-standard","6":"category-fotografering-2","7":"category-media","8":"category-photography","9":"category-photoshoot","10":"tag-damernas-varld","11":"tag-dv","12":"tag-fotografering","13":"tag-intervju-2","14":"tag-media-2"},"_links":{"self":[{"href":"https:\/\/lindalampenius.com\/eng\/wp-json\/wp\/v2\/posts\/3575","targetHints":{"allow":["GET"]}}],"collection":[{"href":"https:\/\/lindalampenius.com\/eng\/wp-json\/wp\/v2\/posts"}],"about":[{"href":"https:\/\/lindalampenius.com\/eng\/wp-json\/wp\/v2\/types\/post"}],"replies":[{"embeddable":true,"href":"https:\/\/lindalampenius.com\/eng\/wp-json\/wp\/v2\/comments?post=3575"}],"version-history":[{"count":0,"href":"https:\/\/lindalampenius.com\/eng\/wp-json\/wp\/v2\/posts\/3575\/revisions"}],"wp:attachment":[{"href":"https:\/\/lindalampenius.com\/eng\/wp-json\/wp\/v2\/media?parent=3575"}],"wp:term":[{"taxonomy":"category","embeddable":true,"href":"https:\/\/lindalampenius.com\/eng\/wp-json\/wp\/v2\/categories?post=3575"},{"taxonomy":"post_tag","embeddable":true,"href":"https:\/\/lindalampenius.com\/eng\/wp-json\/wp\/v2\/tags?post=3575"}],"curies":[{"name":"wp","href":"https:\/\/api.w.org\/{rel}","templated":true}]}}