{"id":3586,"date":"2015-07-21T13:11:19","date_gmt":"2015-07-21T13:11:19","guid":{"rendered":"http:\/\/lindalampenius.com\/eng\/vacker-vit-fasadfarg\/"},"modified":"2016-04-22T07:31:06","modified_gmt":"2016-04-22T07:31:06","slug":"vacker-vit-fasadfarg","status":"publish","type":"post","link":"https:\/\/lindalampenius.com\/eng\/vacker-vit-fasadfarg\/","title":{"rendered":"Vacker vit fasadf\u00e4rg"},"content":{"rendered":"<p>Vi renoverar och bygger ut just nu. Att v\u00e4lja r\u00e4tt f\u00e4rg n\u00e4r det \u00e4r dags att m\u00e5la, \u00e4r inte alltid s\u00e5 enkelt.<br \/>\nFasadf\u00e4rgen skall vara vit. Inte gr\u00e5vit. Inte gulvit. Vi vill hitta en varm och vacker vit f\u00e4rg.<br \/>\nNu tror jag vi har hittat r\u00e4tt&#8230; Vi fick hj\u00e4lp i Nordsj\u00f6 id\u00e9&amp;design butiken i Hemse. F\u00e4rgkoden vi kom fram till efter mycket tittande var NCS S 0603 &#8211; y20r.<br \/>\nExempel p\u00e5 hus m\u00e5lat med just denna f\u00e4rg finns p\u00e5 n\u00e4tet. Helene Scheibe har en underbar blogg som heter http:\/\/www.finrum.se<br \/>\nS\u00e5 h\u00e4r blev hennes hus&#8230;<\/p>\n<p><a href=\"http:\/\/lindalampeniusblogg.files.wordpress.com\/2015\/07\/wpid-wp-1437484100176.jpeg\"><img decoding=\"async\" title=\"wp-1437484100176\" class=\"alignnone size-full\" alt=\"image\" src=\"http:\/\/lindalampeniusblogg.files.wordpress.com\/2015\/07\/wpid-wp-1437484100176.jpeg\" \/><\/a><\/p>\n<p><a href=\"http:\/\/lindalampeniusblogg.files.wordpress.com\/2015\/07\/wpid-wp-1437484111035.jpeg\"><img decoding=\"async\" title=\"wp-1437484111035\" class=\"alignnone size-full\" alt=\"image\" src=\"http:\/\/lindalampeniusblogg.files.wordpress.com\/2015\/07\/wpid-wp-1437484111035.jpeg\" \/><\/a><\/p>\n<p><a href=\"http:\/\/lindalampeniusblogg.files.wordpress.com\/2015\/07\/wpid-wp-1437484120333.jpeg\"><img decoding=\"async\" title=\"wp-1437484120333\" class=\"alignnone size-full\" alt=\"image\" src=\"http:\/\/lindalampeniusblogg.files.wordpress.com\/2015\/07\/wpid-wp-1437484120333.jpeg\" \/><\/a><\/p>\n<p>Otroligt vackert!!! Dessutom har v\u00e5ra grannar samma vita kul\u00f6r p\u00e5 sin villa. Vi har hela tiden tyckt att deras vita f\u00e4rg varit den finaste i omr\u00e5det. Ser fram emot att se v\u00e5rt hus vitt, ist\u00e4llet f\u00f6r gult.<\/p>\n","protected":false},"excerpt":{"rendered":"<p>Vi renoverar och bygger ut just nu. Att v\u00e4lja r\u00e4tt f\u00e4rg n\u00e4r det \u00e4r dags att m\u00e5la, \u00e4r inte alltid s\u00e5 enkelt. Fasadf\u00e4rgen skall vara vit. Inte gr\u00e5vit. Inte gulvit&#8230;.<\/p>\n","protected":false},"author":0,"featured_media":0,"comment_status":"closed","ping_status":"closed","sticky":false,"template":"","format":"standard","meta":{"_bbp_topic_count":0,"_bbp_reply_count":0,"_bbp_total_topic_count":0,"_bbp_total_reply_count":0,"_bbp_voice_count":0,"_bbp_anonymous_reply_count":0,"_bbp_topic_count_hidden":0,"_bbp_reply_count_hidden":0,"_bbp_forum_subforum_count":0,"footnotes":""},"categories":[47],"tags":[213,371,1394,1395,526,766,1248],"class_list":{"0":"post-3586","1":"post","2":"type-post","3":"status-publish","4":"format-standard","6":"category-livet","7":"tag-blogg","8":"tag-farg","9":"tag-fasad","10":"tag-finrum","11":"tag-hus","12":"tag-mala","13":"tag-vit"},"_links":{"self":[{"href":"https:\/\/lindalampenius.com\/eng\/wp-json\/wp\/v2\/posts\/3586","targetHints":{"allow":["GET"]}}],"collection":[{"href":"https:\/\/lindalampenius.com\/eng\/wp-json\/wp\/v2\/posts"}],"about":[{"href":"https:\/\/lindalampenius.com\/eng\/wp-json\/wp\/v2\/types\/post"}],"replies":[{"embeddable":true,"href":"https:\/\/lindalampenius.com\/eng\/wp-json\/wp\/v2\/comments?post=3586"}],"version-history":[{"count":1,"href":"https:\/\/lindalampenius.com\/eng\/wp-json\/wp\/v2\/posts\/3586\/revisions"}],"predecessor-version":[{"id":3588,"href":"https:\/\/lindalampenius.com\/eng\/wp-json\/wp\/v2\/posts\/3586\/revisions\/3588"}],"wp:attachment":[{"href":"https:\/\/lindalampenius.com\/eng\/wp-json\/wp\/v2\/media?parent=3586"}],"wp:term":[{"taxonomy":"category","embeddable":true,"href":"https:\/\/lindalampenius.com\/eng\/wp-json\/wp\/v2\/categories?post=3586"},{"taxonomy":"post_tag","embeddable":true,"href":"https:\/\/lindalampenius.com\/eng\/wp-json\/wp\/v2\/tags?post=3586"}],"curies":[{"name":"wp","href":"https:\/\/api.w.org\/{rel}","templated":true}]}}