{"id":3648,"date":"2015-10-29T10:04:47","date_gmt":"2015-10-29T10:04:47","guid":{"rendered":"http:\/\/lindalampenius.com\/eng\/biljetter-till-arets-basta-klassiska-julkonsert\/"},"modified":"2016-04-23T07:33:56","modified_gmt":"2016-04-23T07:33:56","slug":"biljetter-till-arets-basta-klassiska-julkonsert","status":"publish","type":"post","link":"https:\/\/lindalampenius.com\/eng\/biljetter-till-arets-basta-klassiska-julkonsert\/","title":{"rendered":"Biljetter till \u00c5rets B\u00e4sta Klassiska Julkonsert"},"content":{"rendered":"<p>Nu kan biljetter till &#8221;\u00c5rets B\u00e4sta Klassiska Julkonsert&#8221; i Hedvig Eleonora kyrka k\u00f6pas p\u00e5 <a href=\"http:\/\/www.biljettforum.se\">www.biljettforum.se <\/a><\/p>\n<p><a href=\"http:\/\/lindalampeniusblogg.files.wordpress.com\/2015\/10\/wpid-wp-1446112918482.jpg\"><img decoding=\"async\" title=\"wp-1446112918482\" class=\"alignnone size-full\" alt=\"image\" src=\"http:\/\/lindalampeniusblogg.files.wordpress.com\/2015\/10\/wpid-wp-1446112918482.jpg\" \/><\/a><\/p>\n<p><span class=\"post_sig\">Kram, Linda<\/span><\/p>\n","protected":false},"excerpt":{"rendered":"<p>Nu kan biljetter till &#8221;\u00c5rets B\u00e4sta Klassiska Julkonsert&#8221; i Hedvig Eleonora kyrka k\u00f6pas p\u00e5 www.biljettforum.se Kram, Linda<\/p>\n","protected":false},"author":0,"featured_media":0,"comment_status":"closed","ping_status":"closed","sticky":false,"template":"","format":"standard","meta":{"_bbp_topic_count":0,"_bbp_reply_count":0,"_bbp_total_topic_count":0,"_bbp_total_reply_count":0,"_bbp_voice_count":0,"_bbp_anonymous_reply_count":0,"_bbp_topic_count_hidden":0,"_bbp_reply_count_hidden":0,"_bbp_forum_subforum_count":0,"footnotes":""},"categories":[1396,1409,72],"tags":[1412,1400,1447,1448,1449,597,603,662,700,737,1450],"class_list":{"0":"post-3648","1":"post","2":"type-post","3":"status-publish","4":"format-standard","6":"category-instrument","7":"category-sang-2","8":"category-upptradande","9":"tag-christmas","10":"tag-church","11":"tag-fredrik-benedict-nybladh","12":"tag-gabriel-suovanen","13":"tag-hedvig-eleonora-kyrka","14":"tag-jul-2","15":"tag-julkonsert","16":"tag-konsert-2","17":"tag-kyrka","18":"tag-linda-lampenius","19":"tag-susanna-levonen"},"_links":{"self":[{"href":"https:\/\/lindalampenius.com\/eng\/wp-json\/wp\/v2\/posts\/3648","targetHints":{"allow":["GET"]}}],"collection":[{"href":"https:\/\/lindalampenius.com\/eng\/wp-json\/wp\/v2\/posts"}],"about":[{"href":"https:\/\/lindalampenius.com\/eng\/wp-json\/wp\/v2\/types\/post"}],"replies":[{"embeddable":true,"href":"https:\/\/lindalampenius.com\/eng\/wp-json\/wp\/v2\/comments?post=3648"}],"version-history":[{"count":1,"href":"https:\/\/lindalampenius.com\/eng\/wp-json\/wp\/v2\/posts\/3648\/revisions"}],"predecessor-version":[{"id":3650,"href":"https:\/\/lindalampenius.com\/eng\/wp-json\/wp\/v2\/posts\/3648\/revisions\/3650"}],"wp:attachment":[{"href":"https:\/\/lindalampenius.com\/eng\/wp-json\/wp\/v2\/media?parent=3648"}],"wp:term":[{"taxonomy":"category","embeddable":true,"href":"https:\/\/lindalampenius.com\/eng\/wp-json\/wp\/v2\/categories?post=3648"},{"taxonomy":"post_tag","embeddable":true,"href":"https:\/\/lindalampenius.com\/eng\/wp-json\/wp\/v2\/tags?post=3648"}],"curies":[{"name":"wp","href":"https:\/\/api.w.org\/{rel}","templated":true}]}}