{"id":4185,"date":"2013-01-07T20:25:05","date_gmt":"2013-01-07T20:25:05","guid":{"rendered":"http:\/\/lindalampenius.com\/eng\/7994-2-2\/"},"modified":"2013-01-07T20:25:05","modified_gmt":"2013-01-07T20:25:05","slug":"7994-2-2","status":"publish","type":"post","link":"https:\/\/lindalampenius.com\/eng\/7994-2-2\/","title":{"rendered":"Dagens CTG gjorde bebisen skogstokig"},"content":{"rendered":"<p>Idag fick jag \u00e5ka in p\u00e5 en kontroll till BB, eftersom jag b\u00f6rjat k\u00e4nna djupare och kraftigare sm\u00e4rta i magen (str\u00e5lar \u00e4ven mot ryggen).<\/p>\n<p>N\u00e4r jag kom in p\u00e5 BB, l\u00e5g bebisen med huvudet ned\u00e5t.<br \/>\nN\u00e4r CTG-apparaten (tv\u00e5 ultraljudsdosor) placerades p\u00e5 magen, b\u00f6rjade lilltjejen omedelbart r\u00f6ra p\u00e5 sig. Kaoset inne i magen blev bara v\u00e4rre och v\u00e4rre under de 45 minuterna jag l\u00e5g kopplad till CTG-apparaten.<br \/>\nLillans hj\u00e4rtljud f\u00f6rsvann helt och h\u00e5llet ett flertal g\u00e5nger under \u00f6vervakningen. Hennes puls var v\u00e4ldigt h\u00f6g.<\/p>\n<p>N\u00e4r jag var klar med testet, kollade l\u00e4karen p\u00e5 bebisen med hj\u00e4lp av ultraljud. D\u00e5 hade den lilla j\u00e4keln v\u00e4nt sig 180 grader och l\u00e5g allts\u00e5 igen med huvudet upp\u00e5t!!!<\/p>\n<p>Jag \u00e4r i vecka 39 och tycker det \u00e4r v\u00e4ldigt konstigt att hon fortfarande r\u00f6r p\u00e5 sig st\u00f6rsta delen av dygnet. En f\u00f6rklaring kan enligt l\u00e4karen vara att jag har mycket fostervatten i livmodern.<\/p>\n<p>H\u00e4r \u00e4r n\u00e5gra bilder fr\u00e5n CTG \u00f6vervakningen idag:<\/p>\n<p><a href=\"http:\/\/kurera.se\/linda-lampenius\/files\/2013\/01\/wpid-20130107_113719.jpg\"><img loading=\"lazy\" decoding=\"async\" class=\"alignnone\" title=\"20130107_113719.jpg\" alt=\"image\" src=\"http:\/\/kurera.se\/linda-lampenius\/files\/2013\/01\/wpid-20130107_113719.jpg\" width=\"450\" height=\"338\" \/><\/a><a href=\"http:\/\/kurera.se\/linda-lampenius\/files\/2013\/01\/wpid-20130107_113728.jpg\"><img loading=\"lazy\" decoding=\"async\" class=\"alignnone\" title=\"20130107_113728.jpg\" alt=\"image\" src=\"http:\/\/kurera.se\/linda-lampenius\/files\/2013\/01\/wpid-20130107_113728.jpg\" width=\"450\" height=\"338\" \/><\/a><a href=\"http:\/\/kurera.se\/linda-lampenius\/files\/2013\/01\/wpid-20130107_113731.jpg\"><img loading=\"lazy\" decoding=\"async\" class=\"alignnone\" title=\"20130107_113731.jpg\" alt=\"image\" src=\"http:\/\/kurera.se\/linda-lampenius\/files\/2013\/01\/wpid-20130107_113731.jpg\" width=\"450\" height=\"338\" \/><\/a><a href=\"http:\/\/kurera.se\/linda-lampenius\/files\/2013\/01\/wpid-20130107_113735.jpg\"><img loading=\"lazy\" decoding=\"async\" class=\"alignnone\" title=\"20130107_113735.jpg\" alt=\"image\" src=\"http:\/\/kurera.se\/linda-lampenius\/files\/2013\/01\/wpid-20130107_113735.jpg\" width=\"450\" height=\"338\" \/><\/a><a href=\"http:\/\/kurera.se\/linda-lampenius\/files\/2013\/01\/wpid-20130107_113737.jpg\"><img loading=\"lazy\" decoding=\"async\" class=\"alignnone\" title=\"20130107_113737.jpg\" alt=\"image\" src=\"http:\/\/kurera.se\/linda-lampenius\/files\/2013\/01\/wpid-20130107_113737.jpg\" width=\"450\" height=\"338\" \/><\/a><\/p>\n<p class=\"wp-crosspost-linkback\"><a href=\"http:\/\/lindalampenius.com\/eng\/7994-2\/\" title=\"Go to the original post.\" rel=\"bookmark\">Dagens CTG gjorde bebisen skogstokig<\/a> was originally published on <a href=\"http:\/\/lindalampenius.com\/eng\">Linda Lampenius Brava<\/a><\/p>\n","protected":false},"excerpt":{"rendered":"<p>Idag fick jag \u00e5ka in p\u00e5 en kontroll till BB, eftersom jag b\u00f6rjat k\u00e4nna djupare och kraftigare sm\u00e4rta i magen (str\u00e5lar \u00e4ven mot ryggen). N\u00e4r jag kom in p\u00e5 BB, l\u00e5g bebisen med huvudet ned\u00e5t. N\u00e4r CTG-apparaten (tv\u00e5 ultraljudsdosor) placerades p\u00e5 magen, b\u00f6rjade lilltjejen omedelbart r\u00f6ra p\u00e5 sig. Kaoset inne i magen blev bara v\u00e4rre&hellip;<\/p>\n<p class=\"wp-crosspost-linkback\"><a href=\"http:\/\/lindalampenius.com\/eng\/7994-2\/\" title=\"Go to the original post.\" rel=\"bookmark\">Dagens CTG gjorde bebisen skogstokig<\/a> was originally published on <a href=\"http:\/\/lindalampenius.com\/eng\">Linda Lampenius Brava<\/a><\/p>\n","protected":false},"author":0,"featured_media":0,"comment_status":"closed","ping_status":"closed","sticky":false,"template":"","format":"standard","meta":{"_bbp_topic_count":0,"_bbp_reply_count":0,"_bbp_total_topic_count":0,"_bbp_total_reply_count":0,"_bbp_voice_count":0,"_bbp_anonymous_reply_count":0,"_bbp_topic_count_hidden":0,"_bbp_reply_count_hidden":0,"_bbp_forum_subforum_count":0,"footnotes":""},"categories":[1386,33,34],"tags":[187,292,1028],"class_list":{"0":"post-4185","1":"post","2":"type-post","3":"status-publish","4":"format-standard","6":"category-barn-2","7":"category-graviditet","8":"category-halsa","9":"tag-bebis","10":"tag-ctg-apparat","11":"tag-sammandragningar"},"_links":{"self":[{"href":"https:\/\/lindalampenius.com\/eng\/wp-json\/wp\/v2\/posts\/4185","targetHints":{"allow":["GET"]}}],"collection":[{"href":"https:\/\/lindalampenius.com\/eng\/wp-json\/wp\/v2\/posts"}],"about":[{"href":"https:\/\/lindalampenius.com\/eng\/wp-json\/wp\/v2\/types\/post"}],"replies":[{"embeddable":true,"href":"https:\/\/lindalampenius.com\/eng\/wp-json\/wp\/v2\/comments?post=4185"}],"version-history":[{"count":0,"href":"https:\/\/lindalampenius.com\/eng\/wp-json\/wp\/v2\/posts\/4185\/revisions"}],"wp:attachment":[{"href":"https:\/\/lindalampenius.com\/eng\/wp-json\/wp\/v2\/media?parent=4185"}],"wp:term":[{"taxonomy":"category","embeddable":true,"href":"https:\/\/lindalampenius.com\/eng\/wp-json\/wp\/v2\/categories?post=4185"},{"taxonomy":"post_tag","embeddable":true,"href":"https:\/\/lindalampenius.com\/eng\/wp-json\/wp\/v2\/tags?post=4185"}],"curies":[{"name":"wp","href":"https:\/\/api.w.org\/{rel}","templated":true}]}}