{"id":4200,"date":"2015-08-01T21:14:06","date_gmt":"2015-08-01T21:14:06","guid":{"rendered":"http:\/\/lindalampenius.com\/eng\/bloggar-en-manad-till-hos-kurera-2-2\/"},"modified":"2015-08-01T21:14:06","modified_gmt":"2015-08-01T21:14:06","slug":"bloggar-en-manad-till-hos-kurera-2-2","status":"publish","type":"post","link":"https:\/\/lindalampenius.com\/eng\/bloggar-en-manad-till-hos-kurera-2-2\/","title":{"rendered":"Bloggar en m\u00e5nad till hos Kurera"},"content":{"rendered":"<p>Idag har sista m\u00e5naden som bloggare hos Kurera dragit ig\u00e5ng. H\u00e4rligt med dessa sidor som \u00e4gnar sig \u00e5t m\u00e4nniskors v\u00e4lm\u00e5ende.<br \/>\nEftersom jag \u00e4r p\u00e5 resande fot r\u00e4tt s\u00e5 ofta och dessutom tar alla mina bilder med mobilen, s\u00e5 anv\u00e4nder jag n\u00e4stan enbart mobilen d\u00e5 jag bloggar. Tyv\u00e4rr har det inte varit m\u00f6jligt att blogga f\u00f6r Kurera just via mobilen p\u00e5 ett bra tag, men nu funkar det igen &#x1f642;<br \/>\nH\u00e4r kommer bilder fr\u00e5n de senaste veckorna&#8230;<\/p>\n<p>En dag strosade jag omkring p\u00e5 Skansen och Djurg\u00e5rden&#8230; helt underbart!<\/p>\n<p><a href=\"http:\/\/kurera.se\/linda-lampenius\/files\/2015\/08\/wpid-img_20150705_2338211.jpg\"><img decoding=\"async\" title=\"IMG_20150705_233821.jpg\" class=\"alignnone size-full\" alt=\"image\" src=\"http:\/\/kurera.se\/linda-lampenius\/files\/2015\/08\/wpid-img_20150705_233821.jpg\" \/><\/a><\/p>\n<p><a href=\"http:\/\/kurera.se\/linda-lampenius\/files\/2015\/08\/wpid-2015-07-05-23.43.30.jpg1.jpeg\"><img decoding=\"async\" title=\"2015-07-05 23.43.30.jpg\" class=\"alignnone size-full\" alt=\"image\" src=\"http:\/\/kurera.se\/linda-lampenius\/files\/2015\/08\/wpid-2015-07-05-23.43.30.jpg.jpeg\" \/><\/a><\/p>\n<p>Finns inget gulligare \u00e4n sovande barn&#8230;<\/p>\n<p><a href=\"http:\/\/kurera.se\/linda-lampenius\/files\/2015\/08\/wpid-cymera_20150712_1908481.jpg\"><img decoding=\"async\" title=\"CYMERA_20150712_190848.jpg\" class=\"alignnone size-full\" alt=\"image\" src=\"http:\/\/kurera.se\/linda-lampenius\/files\/2015\/08\/wpid-cymera_20150712_190848.jpg\" \/><\/a><\/p>\n<p>Min man och jag har sett 3 s\u00e4songer av &#8221;Suits&#8221; &#x1f642;<\/p>\n<p><a href=\"http:\/\/kurera.se\/linda-lampenius\/files\/2015\/08\/wpid-img_20150709_2255361.jpg\"><img decoding=\"async\" title=\"IMG_20150709_225536.jpg\" class=\"alignnone size-full\" alt=\"image\" src=\"http:\/\/kurera.se\/linda-lampenius\/files\/2015\/08\/wpid-img_20150709_225536.jpg\" \/><\/a><\/p>\n<p>Jag har f\u00f6rsvarat Hugh Hefner i olika tidningar. Holly Madison ljuger.<\/p>\n<p><a href=\"http:\/\/kurera.se\/linda-lampenius\/files\/2015\/08\/wpid-screenshot_2015-07-13-20-14-271.png\"><img decoding=\"async\" title=\"Screenshot_2015-07-13-20-14-27.png\" class=\"alignnone size-full\" alt=\"image\" src=\"http:\/\/kurera.se\/linda-lampenius\/files\/2015\/08\/wpid-screenshot_2015-07-13-20-14-27.png\" \/><\/a><\/p>\n<p><a href=\"http:\/\/kurera.se\/linda-lampenius\/files\/2015\/08\/wpid-img_20150710_1458441.jpg\"><img decoding=\"async\" title=\"IMG_20150710_145844.jpg\" class=\"alignnone size-full\" alt=\"image\" src=\"http:\/\/kurera.se\/linda-lampenius\/files\/2015\/08\/wpid-img_20150710_145844.jpg\" \/><\/a><\/p>\n<p><a href=\"http:\/\/kurera.se\/linda-lampenius\/files\/2015\/08\/wpid-20150710_145550-11.jpg\"><img decoding=\"async\" title=\"20150710_145550-1.jpg\" class=\"alignnone size-full\" alt=\"image\" src=\"http:\/\/kurera.se\/linda-lampenius\/files\/2015\/08\/wpid-20150710_145550-1.jpg\" \/><\/a><\/p>\n<p><a href=\"http:\/\/kurera.se\/linda-lampenius\/files\/2015\/08\/wpid-screenshot_2015-07-13-06-52-131.png\"><img decoding=\"async\" title=\"Screenshot_2015-07-13-06-52-13.png\" class=\"alignnone size-full\" alt=\"image\" src=\"http:\/\/kurera.se\/linda-lampenius\/files\/2015\/08\/wpid-screenshot_2015-07-13-06-52-13.png\" \/><\/a><\/p>\n<p>Jag har \u00f6vat P\u00e5 Tchaikovskys violinkonsert<\/p>\n<p><a href=\"http:\/\/kurera.se\/linda-lampenius\/files\/2015\/08\/wpid-img_20150722_1239251.jpg\"><img decoding=\"async\" title=\"IMG_20150722_123925.jpg\" class=\"alignnone size-full\" alt=\"image\" src=\"http:\/\/kurera.se\/linda-lampenius\/files\/2015\/08\/wpid-img_20150722_123925.jpg\" \/><\/a><\/p>\n<p>P\u00e5 m\u00f6te med underbara Anna Hegestrand (ang pr) p\u00e5 Paradiset.<\/p>\n<p><a href=\"http:\/\/kurera.se\/linda-lampenius\/files\/2015\/08\/wpid-20150714_1346111.jpg\"><img decoding=\"async\" title=\"20150714_134611.jpg\" class=\"alignnone size-full\" alt=\"image\" src=\"http:\/\/kurera.se\/linda-lampenius\/files\/2015\/08\/wpid-20150714_134611.jpg\" \/><\/a><\/p>\n<p><a href=\"http:\/\/kurera.se\/linda-lampenius\/files\/2015\/08\/wpid-2015-07-21-14.56.32.jpg1.jpeg\"><img decoding=\"async\" title=\"2015-07-21 14.56.32.jpg\" class=\"alignnone size-full\" alt=\"image\" src=\"http:\/\/kurera.se\/linda-lampenius\/files\/2015\/08\/wpid-2015-07-21-14.56.32.jpg.jpeg\" \/><\/a><\/p>\n<p>Har m\u00e4rkt STOR skillnad i hud och naglar efter att ha b\u00f6rjat \u00e4ta evelle &#x1f642;<\/p>\n<p><a href=\"http:\/\/kurera.se\/linda-lampenius\/files\/2015\/08\/wpid-2015-07-14-18.25.27.jpg1.jpeg\"><img decoding=\"async\" title=\"2015-07-14 18.25.27.jpg\" class=\"alignnone size-full\" alt=\"image\" src=\"http:\/\/kurera.se\/linda-lampenius\/files\/2015\/08\/wpid-2015-07-14-18.25.27.jpg.jpeg\" \/><\/a><\/p>\n<p>Har njutit av naturen och musiken p\u00e5 Gotland<\/p>\n<p><a href=\"http:\/\/kurera.se\/linda-lampenius\/files\/2015\/08\/wpid-img_20150717_2231171.jpg\"><img decoding=\"async\" title=\"IMG_20150717_223117.jpg\" class=\"alignnone size-full\" alt=\"image\" src=\"http:\/\/kurera.se\/linda-lampenius\/files\/2015\/08\/wpid-img_20150717_223117.jpg\" \/><\/a><\/p>\n<p><a href=\"http:\/\/kurera.se\/linda-lampenius\/files\/2015\/08\/wpid-20150717_1934441.jpg\"><img decoding=\"async\" title=\"20150717_193444.jpg\" class=\"alignnone size-full\" alt=\"image\" src=\"http:\/\/kurera.se\/linda-lampenius\/files\/2015\/08\/wpid-20150717_193444.jpg\" \/><\/a><\/p>\n<p><a href=\"http:\/\/kurera.se\/linda-lampenius\/files\/2015\/08\/wpid-img_20150719_0007081.jpg\"><img decoding=\"async\" title=\"IMG_20150719_000708.jpg\" class=\"alignnone size-full\" alt=\"image\" src=\"http:\/\/kurera.se\/linda-lampenius\/files\/2015\/08\/wpid-img_20150719_000708.jpg\" \/><\/a><\/p>\n<p><a href=\"http:\/\/kurera.se\/linda-lampenius\/files\/2015\/08\/wpid-20150722_1825371.jpg\"><img decoding=\"async\" title=\"20150722_182537.jpg\" class=\"alignnone size-full\" alt=\"image\" src=\"http:\/\/kurera.se\/linda-lampenius\/files\/2015\/08\/wpid-20150722_182537.jpg\" \/><\/a><\/p>\n<p><a href=\"http:\/\/kurera.se\/linda-lampenius\/files\/2015\/08\/wpid-20150722_2112281.jpg\"><img decoding=\"async\" title=\"20150722_211228.jpg\" class=\"alignnone size-full\" alt=\"image\" src=\"http:\/\/kurera.se\/linda-lampenius\/files\/2015\/08\/wpid-20150722_211228.jpg\" \/><\/a><\/p>\n<p><a href=\"http:\/\/kurera.se\/linda-lampenius\/files\/2015\/08\/wpid-img_20150723_1438071.jpg\"><img decoding=\"async\" title=\"IMG_20150723_143807.jpg\" class=\"alignnone size-full\" alt=\"image\" src=\"http:\/\/kurera.se\/linda-lampenius\/files\/2015\/08\/wpid-img_20150723_143807.jpg\" \/><\/a><\/p>\n<p><a href=\"http:\/\/kurera.se\/linda-lampenius\/files\/2015\/08\/wpid-20150723_1854051.jpg\"><img decoding=\"async\" title=\"20150723_185405.jpg\" class=\"alignnone size-full\" alt=\"image\" src=\"http:\/\/kurera.se\/linda-lampenius\/files\/2015\/08\/wpid-20150723_185405.jpg\" \/><\/a><\/p>\n<p>Har f\u00f6rs\u00f6kt v\u00e4nja mig vid mina l\u00e4sglas\u00f6gon, men tycker att jag ser b\u00e4ttre utan&#8230;<\/p>\n<p><a href=\"http:\/\/kurera.se\/linda-lampenius\/files\/2015\/08\/wpid-img_20150726_1535541.jpg\"><img decoding=\"async\" title=\"IMG_20150726_153554.jpg\" class=\"alignnone size-full\" alt=\"image\" src=\"http:\/\/kurera.se\/linda-lampenius\/files\/2015\/08\/wpid-img_20150726_153554.jpg\" \/><\/a><\/p>\n<p>Har bes\u00f6kt mitt vackra hemland&#8230;<\/p>\n<p><a href=\"http:\/\/kurera.se\/linda-lampenius\/files\/2015\/08\/wpid-20150729_0947371.jpg\"><img decoding=\"async\" title=\"20150729_094737.jpg\" class=\"alignnone size-full\" alt=\"image\" src=\"http:\/\/kurera.se\/linda-lampenius\/files\/2015\/08\/wpid-20150729_094737.jpg\" \/><\/a><\/p>\n<p><a href=\"http:\/\/kurera.se\/linda-lampenius\/files\/2015\/08\/wpid-img_20150731_0009531.jpg\"><img decoding=\"async\" title=\"IMG_20150731_000953.jpg\" class=\"alignnone size-full\" alt=\"image\" src=\"http:\/\/kurera.se\/linda-lampenius\/files\/2015\/08\/wpid-img_20150731_000953.jpg\" \/><\/a><\/p>\n<p><a href=\"http:\/\/kurera.se\/linda-lampenius\/files\/2015\/08\/wpid-20150801_1259211.jpg\"><img decoding=\"async\" title=\"20150801_125921.jpg\" class=\"alignnone size-full\" alt=\"image\" src=\"http:\/\/kurera.se\/linda-lampenius\/files\/2015\/08\/wpid-20150801_125921.jpg\" \/><\/a><\/p>\n<p>God natt mina v\u00e4nner!<\/p>\n<p><a href=\"http:\/\/kurera.se\/linda-lampenius\/files\/2015\/08\/wpid-img_20150731_2236541.jpg\"><img decoding=\"async\" title=\"IMG_20150731_223654.jpg\" class=\"alignnone size-full\" alt=\"image\" src=\"http:\/\/kurera.se\/linda-lampenius\/files\/2015\/08\/wpid-img_20150731_223654.jpg\" \/><\/a><\/p>\n<p><span class=\"post_sig\">Kram, Linda<\/span><\/p>\n<p><span class=\"post_sig\">Kram, Linda<\/span><\/p>\n<p class=\"wp-crosspost-linkback\"><a href=\"http:\/\/lindalampenius.com\/eng\/bloggar-en-manad-till-hos-kurera\/\" title=\"Go to the original post.\" rel=\"bookmark\">Bloggar en m\u00e5nad till hos Kurera<\/a> was originally published on <a href=\"http:\/\/lindalampenius.com\/eng\">Linda Lampenius Brava<\/a><\/p>\n<p class=\"wp-crosspost-linkback\"><a href=\"http:\/\/lindalampenius.com\/eng\/bloggar-en-manad-till-hos-kurera-2\/\" title=\"Go to the original post.\" rel=\"bookmark\">Bloggar en m\u00e5nad till hos Kurera<\/a> was originally published on <a href=\"http:\/\/lindalampenius.com\/eng\">Linda Lampenius Brava<\/a><\/p>\n","protected":false},"excerpt":{"rendered":"<p>Idag har sista m\u00e5naden som bloggare hos Kurera dragit ig\u00e5ng. H\u00e4rligt med dessa sidor som \u00e4gnar sig \u00e5t m\u00e4nniskors v\u00e4lm\u00e5ende. Eftersom jag \u00e4r p\u00e5 resande fot r\u00e4tt s\u00e5 ofta och dessutom tar alla mina bilder med mobilen, s\u00e5 anv\u00e4nder jag n\u00e4stan enbart mobilen d\u00e5 jag bloggar. Tyv\u00e4rr har det inte varit m\u00f6jligt att blogga f\u00f6r&hellip;<\/p>\n<p class=\"wp-crosspost-linkback\"><a href=\"http:\/\/lindalampenius.com\/eng\/bloggar-en-manad-till-hos-kurera\/\" title=\"Go to the original post.\" rel=\"bookmark\">Bloggar en m\u00e5nad till hos Kurera<\/a> was originally published on <a href=\"http:\/\/lindalampenius.com\/eng\">Linda Lampenius Brava<\/a><\/p>\n<p class=\"wp-crosspost-linkback\"><a href=\"http:\/\/lindalampenius.com\/eng\/bloggar-en-manad-till-hos-kurera-2\/\" title=\"Go to the original post.\" rel=\"bookmark\">Bloggar en m\u00e5nad till hos Kurera<\/a> was originally published on <a href=\"http:\/\/lindalampenius.com\/eng\">Linda Lampenius Brava<\/a><\/p>\n","protected":false},"author":0,"featured_media":0,"comment_status":"closed","ping_status":"closed","sticky":false,"template":"","format":"standard","meta":{"_bbp_topic_count":0,"_bbp_reply_count":0,"_bbp_total_topic_count":0,"_bbp_total_reply_count":0,"_bbp_voice_count":0,"_bbp_anonymous_reply_count":0,"_bbp_topic_count_hidden":0,"_bbp_reply_count_hidden":0,"_bbp_forum_subforum_count":0,"footnotes":""},"categories":[23,47,65],"tags":[213,366,385,447,522,853],"class_list":{"0":"post-4200","1":"post","2":"type-post","3":"status-publish","4":"format-standard","6":"category-familj","7":"category-livet","8":"category-resa","9":"tag-blogg","10":"tag-familj-2","11":"tag-finland","12":"tag-gotland","13":"tag-hugh-hefner","14":"tag-musik-2"},"_links":{"self":[{"href":"https:\/\/lindalampenius.com\/eng\/wp-json\/wp\/v2\/posts\/4200","targetHints":{"allow":["GET"]}}],"collection":[{"href":"https:\/\/lindalampenius.com\/eng\/wp-json\/wp\/v2\/posts"}],"about":[{"href":"https:\/\/lindalampenius.com\/eng\/wp-json\/wp\/v2\/types\/post"}],"replies":[{"embeddable":true,"href":"https:\/\/lindalampenius.com\/eng\/wp-json\/wp\/v2\/comments?post=4200"}],"version-history":[{"count":0,"href":"https:\/\/lindalampenius.com\/eng\/wp-json\/wp\/v2\/posts\/4200\/revisions"}],"wp:attachment":[{"href":"https:\/\/lindalampenius.com\/eng\/wp-json\/wp\/v2\/media?parent=4200"}],"wp:term":[{"taxonomy":"category","embeddable":true,"href":"https:\/\/lindalampenius.com\/eng\/wp-json\/wp\/v2\/categories?post=4200"},{"taxonomy":"post_tag","embeddable":true,"href":"https:\/\/lindalampenius.com\/eng\/wp-json\/wp\/v2\/tags?post=4200"}],"curies":[{"name":"wp","href":"https:\/\/api.w.org\/{rel}","templated":true}]}}