{"id":568,"date":"2012-11-04T15:58:18","date_gmt":"2012-11-04T14:58:18","guid":{"rendered":"http:\/\/kurera.se\/linda-lampenius\/?p=568"},"modified":"2012-11-04T15:58:18","modified_gmt":"2012-11-04T14:58:18","slug":"kom-pa-frukostseminarium-om-kroppsideal-och-sjalvkansla","status":"publish","type":"post","link":"https:\/\/lindalampenius.com\/eng\/kom-pa-frukostseminarium-om-kroppsideal-och-sjalvkansla\/","title":{"rendered":"Kom p\u00e5 frukostseminarium om kroppsideal och sj\u00e4lvk\u00e4nsla"},"content":{"rendered":"<table border=\"0\" cellspacing=\"0\" cellpadding=\"0\">\n<tbody>\n<tr>\n<td align=\"left\" valign=\"top\">\n<div><a href=\"http:\/\/www.1.6miljonerklubben.com\/\" target=\"_blank\"><img loading=\"lazy\" decoding=\"async\" style=\"border: 0px\" src=\"http:\/\/www.1.6miljonerklubben.com\/nyhetsbrev\/bilder\/header.gif\" alt=\"1,6 &amp; 2,6 miljonerklubben f\u00f6r kvinnors h\u00e4lsa\" width=\"420\" height=\"111\" border=\"0\" \/><\/a><\/div>\n<table border=\"0\" cellspacing=\"0\" cellpadding=\"0\">\n<tbody>\n<tr>\n<td align=\"left\" valign=\"top\">\n<h1>Frukostseminarium den 21 november<br \/>\nom\u00a0Kroppsideal och sj\u00e4lvk\u00e4nsla<\/h1>\n<p><strong>Kroppsideal och sj\u00e4lvk\u00e4nsla &#8211; N\u00e4r bli normer och ideal till egna krav<br \/>\noch vad t\u00e4nker hj\u00e4rnan?<\/strong><\/p>\n<p>V\u00e4lkommen till ett frukostseminarium om kroppsideal, sj\u00e4lvk\u00e4nsla och besatthet.<br \/>\nHur p\u00e5verkar det kvinnliga kroppsidealet v\u00e5rt f\u00f6rh\u00e5llande till mat?<br \/>\nVad h\u00e4nder i hj\u00e4rnan n\u00e4r vi utvecklar ett beroende och hur styrs<br \/>\nv\u00e5ra beteenden, k\u00e4nslor och tankar?<\/p>\n<p><strong>Program:<\/strong><\/p>\n<p><strong>07.30-08.00<\/strong>\u00a0Incheckningn och frukost serveras<\/p>\n<p><strong>08.00 Alexandra Charles<\/strong>\u00a0h\u00e4lsar v\u00e4lkommen<\/p>\n<p><strong>08.10<\/strong>\u00a0<strong>Paula Ternstr\u00f6m och Grynet Molvig<\/strong>\u00a0k\u00e5serar<br \/>\nom\u00a0det kvinnliga kroppsidealet, vad har vi f\u00f6r<br \/>\nrelation till\u00a0mat och hur det p\u00e5verkar\u00a0sj\u00e4lvk\u00e4nslan.<br \/>\nDe utg\u00e5r fr\u00e5n\u00a0&#8221;Matdesperat&#8221; &#8211;\u00a0en show som p\u00e5 ett<br \/>\nhumoristiskt och\u00a0vetenskapligt s\u00e4tt gestaltar<br \/>\nkvinnors \u00e4tande.<\/p>\n<p><strong>08.30<\/strong>\u00a0<strong>\u00c5ke P\u00e5lshammar,\u00a0<\/strong>neuropsykolog<br \/>\noch\u00a0senioruniversitetslektor. Vad vet vi om hj\u00e4rnans<br \/>\nroll\u00a0vid beteenden och k\u00e4nslor, minnen och<br \/>\ntankar, utveckling och personlighet?<br \/>\nVad h\u00e4nder n\u00e4r n\u00e5got\u00a0inte fungerar?<\/p>\n<p><strong>08.55<\/strong>\u00a0<strong>Linda Lampenius<\/strong>\u00a0&#8221;Bakom fasaden &#8211; att leva<br \/>\nmed\u00a0\u00e4tst\u00f6rning&#8221;. Linda ber\u00e4ttar om hennes kamp<br \/>\nmed\u00a0sj\u00e4lvk\u00e4nslan, \u00e5ngest och \u00e4tst\u00f6rningar.<\/p>\n<p><strong>09.10<\/strong>\u00a0<strong>Panelsamtal<\/strong>\u00a0med \u00c5ke P\u00e5lshammar, Paula<br \/>\nTernstr\u00f6m, Grynet Molvig, Linda\u00a0Lampenius<\/p>\n<p><strong>09.30<\/strong>\u00a0Avlutning<\/p>\n<p><strong>Tid:<\/strong>\u00a0Onsdag 12\u00a0november kl 08.00 till 09:30<br \/>\n<strong>Plats:<\/strong>\u00a0Wallmans Salonger, Teatergatan 3, Stockholm<br \/>\n<strong>Pris:<\/strong>\u00a0Medlemmar i 1,6 &amp; 2,6 miljonerklubben 125 kr, \u00f6vriga 175 kr<br \/>\n<strong>Anm\u00e4lan<\/strong>\u00a0\u00e4r bindande g\u00f6rs\u00a0<a href=\"https:\/\/forening.foreningshuset.se\/1_6\/evenemang\/visa\/3753-kroppsideal_och_sjalvkansla\" target=\"_blank\">via v\u00e5r hemsida<\/a><\/p>\n<p>&nbsp;<\/td>\n<\/tr>\n<\/tbody>\n<\/table>\n<\/td>\n<\/tr>\n<\/tbody>\n<\/table>\n","protected":false},"excerpt":{"rendered":"<p>Frukostseminarium den 21 november om\u00a0Kroppsideal och sj\u00e4lvk\u00e4nsla Kroppsideal och sj\u00e4lvk\u00e4nsla &#8211; N\u00e4r bli normer och ideal till egna krav och vad t\u00e4nker hj\u00e4rnan? V\u00e4lkommen till ett frukostseminarium om kroppsideal, sj\u00e4lvk\u00e4nsla&#8230;<\/p>\n","protected":false},"author":1,"featured_media":0,"comment_status":"open","ping_status":"open","sticky":false,"template":"","format":"standard","meta":{"_bbp_topic_count":0,"_bbp_reply_count":0,"_bbp_total_topic_count":0,"_bbp_total_reply_count":0,"_bbp_voice_count":0,"_bbp_anonymous_reply_count":0,"_bbp_topic_count_hidden":0,"_bbp_reply_count_hidden":0,"_bbp_forum_subforum_count":0,"footnotes":""},"categories":[10,26,34],"tags":[77,84,85,680,1046,1063],"class_list":{"0":"post-568","1":"post","2":"type-post","3":"status-publish","4":"format-standard","6":"category-atstorningar","7":"category-forelasning","8":"category-halsa","9":"tag-77","10":"tag-6-2","11":"tag-6-miljonerklubben","12":"tag-kroppsideal","13":"tag-seminarium","14":"tag-sjalvkansla"},"_links":{"self":[{"href":"https:\/\/lindalampenius.com\/eng\/wp-json\/wp\/v2\/posts\/568","targetHints":{"allow":["GET"]}}],"collection":[{"href":"https:\/\/lindalampenius.com\/eng\/wp-json\/wp\/v2\/posts"}],"about":[{"href":"https:\/\/lindalampenius.com\/eng\/wp-json\/wp\/v2\/types\/post"}],"author":[{"embeddable":true,"href":"https:\/\/lindalampenius.com\/eng\/wp-json\/wp\/v2\/users\/1"}],"replies":[{"embeddable":true,"href":"https:\/\/lindalampenius.com\/eng\/wp-json\/wp\/v2\/comments?post=568"}],"version-history":[{"count":0,"href":"https:\/\/lindalampenius.com\/eng\/wp-json\/wp\/v2\/posts\/568\/revisions"}],"wp:attachment":[{"href":"https:\/\/lindalampenius.com\/eng\/wp-json\/wp\/v2\/media?parent=568"}],"wp:term":[{"taxonomy":"category","embeddable":true,"href":"https:\/\/lindalampenius.com\/eng\/wp-json\/wp\/v2\/categories?post=568"},{"taxonomy":"post_tag","embeddable":true,"href":"https:\/\/lindalampenius.com\/eng\/wp-json\/wp\/v2\/tags?post=568"}],"curies":[{"name":"wp","href":"https:\/\/api.w.org\/{rel}","templated":true}]}}