{"id":668,"date":"2012-11-20T13:27:00","date_gmt":"2012-11-20T12:27:00","guid":{"rendered":"http:\/\/kurera.se\/linda-lampenius\/?p=668"},"modified":"2012-11-20T13:27:00","modified_gmt":"2012-11-20T12:27:00","slug":"frukostseminarium-om-kroppsideal-sjalvkansla-och-besatthet","status":"publish","type":"post","link":"https:\/\/lindalampenius.com\/eng\/frukostseminarium-om-kroppsideal-sjalvkansla-och-besatthet\/","title":{"rendered":"Frukostseminarium om kroppsideal, sj\u00e4lvk\u00e4nsla och besatthet."},"content":{"rendered":"<h1>Kroppsideal och sj\u00e4lvk\u00e4nsla<\/h1>\n<div>\n<table width=\"100%\">\n<tbody>\n<tr>\n<td valign=\"top\">N\u00e4r:<\/td>\n<td valign=\"top\">Onsdag den 21 november kl.08:00-09:30<\/td>\n<\/tr>\n<tr>\n<td valign=\"top\">Plats:<\/td>\n<td valign=\"top\">Wallmans Salonger, Teatergatan 3<\/td>\n<\/tr>\n<tr>\n<td valign=\"top\">Pris:<\/td>\n<td valign=\"top\">125 kr f\u00f6r medlemmar, 175 kr f\u00f6r \u00f6vriga<\/td>\n<\/tr>\n<tr>\n<td valign=\"top\">\u00d6vrigt:<\/td>\n<td valign=\"top\">Anm\u00e4lan \u00e4r bindande<\/td>\n<\/tr>\n<\/tbody>\n<\/table>\n<\/div>\n<div>\n<p><strong>Kroppsideal och sj\u00e4lvk\u00e4nsla &#8211; N\u00e4r bli normer och ideal till egna krav och vad t\u00e4nker hj\u00e4rnan?<\/strong><\/p>\n<p>V\u00e4lkommen till ett frukostseminarium om kroppsideal, sj\u00e4lvk\u00e4nsla och besatthet. Hur p\u00e5verkar det kvinnliga kroppsidealet v\u00e5rt f\u00f6rh\u00e5llande till mat? Vad h\u00e4nder i hj\u00e4rnan n\u00e4r vi utvecklar ett beroende och hur styrs v\u00e5ra beteenden, k\u00e4nslor och tankar?<\/p>\n<p>&nbsp;<\/p>\n<p><strong>Program<\/strong><\/p>\n<p><strong>07.30-08.00<\/strong>\u00a0Incheckningn och frukost serveras<\/p>\n<p>&nbsp;<\/p>\n<p><strong>08.00 Alexandra Charles<\/strong>\u00a0h\u00e4lsar v\u00e4lkommen<img loading=\"lazy\" decoding=\"async\" src=\"http:\/\/www.1.6miljonerklubben.eu\/images\/260x325\/linda_nordic_light.jpg\" alt=\"\" width=\"140\" height=\"164\" border=\"0\" \/><\/p>\n<p><strong>08.10<\/strong>\u00a0<strong>Paula Ternstr\u00f6m och Grynet Molvig<\/strong>\u00a0k\u00e5serar om<\/p>\n<p>det kvinnliga kroppsidealet, vad har vi f\u00f6r relation till<\/p>\n<p>mat och hur det p\u00e5verkar\u00a0sj\u00e4lvk\u00e4nslan. De utg\u00e5r fr\u00e5n<\/p>\n<p>&#8221;Matdesperat&#8221; &#8211;\u00a0en show som p\u00e5 ett humoristiskt och<\/p>\n<p>vetenskapligt s\u00e4tt gestaltar kvinnors \u00e4tande.<\/p>\n<p>&nbsp;<\/p>\n<p><strong>08.30<\/strong>\u00a0<strong>\u00c5ke P\u00e5lshammar,\u00a0<\/strong>neuropsykolog och<\/p>\n<p>senioruniversitetslektor. Vad vet vi om hj\u00e4rnans roll<\/p>\n<p><strong><img loading=\"lazy\" decoding=\"async\" src=\"http:\/\/www.1.6miljonerklubben.eu\/images\/260x325\/ake-palshammar.jpg\" alt=\"\" width=\"145\" height=\"192\" border=\"0\" \/><\/strong><\/p>\n<p>vid beteenden och k\u00e4nslor, minnen och tankar,<\/p>\n<p>utveckling och personlighet?\u00a0Vad h\u00e4nder n\u00e4r n\u00e5got<\/p>\n<p>inte fungerar?<\/p>\n<p>&nbsp;<\/p>\n<p><strong>08.55<\/strong>\u00a0<strong>Linda Lampenius<\/strong>\u00a0&#8221;Bakom fasaden &#8211; att leva med<\/p>\n<p>\u00e4tst\u00f6rning&#8221;. Linda ber\u00e4ttar om hennes kamp med<\/p>\n<p>sj\u00e4lvk\u00e4nslan, \u00e5ngest och \u00e4tst\u00f6rningar.<\/p>\n<p>&nbsp;<\/p>\n<p><strong>09.10<\/strong>\u00a0<strong>Panelsamtal<\/strong>\u00a0med \u00c5ke P\u00e5lshammar, Paula<\/p>\n<p>Ternstr\u00f6m, Grynet Molvig, Linda\u00a0Lampenius<\/p>\n<p>&nbsp;<\/p>\n<p><strong>09.30<\/strong>\u00a0Avslutning<\/p>\n<p>&nbsp;<\/p>\n<p><a href=\"https:\/\/forening.foreningshuset.se\/1_6\/evenemang\/visa\/3753-stockholm__kroppsideal_och_sjalvkansla\">Anm\u00e4l dig h\u00e4r!<\/a><\/p>\n<p><em>Frukostseminariet \u00e4r nu fullbokat men vi hoppas kunna ordna fler platser. V\u00e4lkommen att ringa till oss p\u00e5 tel 08-20 51 59 eller mejla till info@1.6miljonerklubben.com f\u00f6r att bli uppsatt p\u00e5 v\u00e4ntelista.<\/em><\/p>\n<\/div>\n","protected":false},"excerpt":{"rendered":"<p>Kroppsideal och sj\u00e4lvk\u00e4nsla N\u00e4r: Onsdag den 21 november kl.08:00-09:30 Plats: Wallmans Salonger, Teatergatan 3 Pris: 125 kr f\u00f6r medlemmar, 175 kr f\u00f6r \u00f6vriga \u00d6vrigt: Anm\u00e4lan \u00e4r bindande Kroppsideal och sj\u00e4lvk\u00e4nsla&#8230;<\/p>\n","protected":false},"author":1,"featured_media":0,"comment_status":"open","ping_status":"open","sticky":false,"template":"","format":"standard","meta":{"_bbp_topic_count":0,"_bbp_reply_count":0,"_bbp_total_topic_count":0,"_bbp_total_reply_count":0,"_bbp_voice_count":0,"_bbp_anonymous_reply_count":0,"_bbp_topic_count_hidden":0,"_bbp_reply_count_hidden":0,"_bbp_forum_subforum_count":0,"footnotes":""},"categories":[10,18,26,34,47,59],"tags":[86,151,429,680,1063],"class_list":{"0":"post-668","1":"post","2":"type-post","3":"status-publish","4":"format-standard","6":"category-atstorningar","7":"category-bulimi","8":"category-forelasning","9":"category-halsa","10":"category-livet","11":"category-ortorexi","12":"tag-6miljonerklubben","13":"tag-atstorningar-2","14":"tag-frukostseminarium","15":"tag-kroppsideal","16":"tag-sjalvkansla"},"_links":{"self":[{"href":"https:\/\/lindalampenius.com\/eng\/wp-json\/wp\/v2\/posts\/668","targetHints":{"allow":["GET"]}}],"collection":[{"href":"https:\/\/lindalampenius.com\/eng\/wp-json\/wp\/v2\/posts"}],"about":[{"href":"https:\/\/lindalampenius.com\/eng\/wp-json\/wp\/v2\/types\/post"}],"author":[{"embeddable":true,"href":"https:\/\/lindalampenius.com\/eng\/wp-json\/wp\/v2\/users\/1"}],"replies":[{"embeddable":true,"href":"https:\/\/lindalampenius.com\/eng\/wp-json\/wp\/v2\/comments?post=668"}],"version-history":[{"count":0,"href":"https:\/\/lindalampenius.com\/eng\/wp-json\/wp\/v2\/posts\/668\/revisions"}],"wp:attachment":[{"href":"https:\/\/lindalampenius.com\/eng\/wp-json\/wp\/v2\/media?parent=668"}],"wp:term":[{"taxonomy":"category","embeddable":true,"href":"https:\/\/lindalampenius.com\/eng\/wp-json\/wp\/v2\/categories?post=668"},{"taxonomy":"post_tag","embeddable":true,"href":"https:\/\/lindalampenius.com\/eng\/wp-json\/wp\/v2\/tags?post=668"}],"curies":[{"name":"wp","href":"https:\/\/api.w.org\/{rel}","templated":true}]}}