{"id":694,"date":"2012-11-30T09:04:36","date_gmt":"2012-11-30T08:04:36","guid":{"rendered":"http:\/\/kurera.se\/linda-lampenius\/?p=694"},"modified":"2012-11-30T09:04:36","modified_gmt":"2012-11-30T08:04:36","slug":"vad-sager-sd-om-oss-finlandssvenskar","status":"publish","type":"post","link":"https:\/\/lindalampenius.com\/eng\/vad-sager-sd-om-oss-finlandssvenskar\/","title":{"rendered":"Vad s\u00e4ger SD om oss finlandssvenskar?"},"content":{"rendered":"<p>Efter alla rasistiska uttalanden fr\u00e5n medlemmar i SD, kan jag bara t\u00e4nka mig att \u00e4ven vi finlandssvenskar st\u00e5r p\u00e5 SDs &#8221;hatlista&#8221;. Var i v\u00e4rlden skall vi d\u00e5 f\u00e5 k\u00e4nna oss v\u00e4lkomna?<\/p>\n<p>N\u00e4r jag v\u00e4xte upp i Finland, fick jag ofta h\u00f6ra finskspr\u00e5kiga ungdomar s\u00e4ga nedl\u00e5tande saker om oss finlandssvenskar. Vi fick ofta h\u00f6ra att vi skulle &#8221;\u00e5ka hem tillbaks till Sverige&#8221;. Ifall jag vistades i centrum av Helsingfors om kv\u00e4llarna, h\u00f6ll jag mig till finska spr\u00e5ket, f\u00f6r att inte hamna i trubbel.<\/p>\n<p>Alla mina sl\u00e4ktingar och f\u00f6rf\u00e4der \u00e4r svenskspr\u00e5kiga. Finland var ju en del av Storriket Sverige i n\u00e4stan 800 \u00e5r. Vissa svenskar bodde d\u00e5 i den delen av storriket som idag \u00e4r Finland.<\/p>\n<p>Min pappa, som fyller 91 nu i december, krigade ute i skogarna f\u00f6r Finland i 3 1\/2 \u00e5r, s\u00e5 som alla andra finlandssvenska m\u00e4n gjorde. Trots det hatar s\u00e5 m\u00e5nga finnar oss finlandssvenskar.<\/p>\n<p>Jag har \u00e4nd\u00e5 alltid varit stolt \u00f6ver att vara Finl\u00e4ndare. Jag har \u00e4lskat mitt hemland. Nu h\u00e5ller finlandssvenskarna och v\u00e5rt spr\u00e5k p\u00e5 att utrotas. Sannfinl\u00e4ndarna fick ca 20% av r\u00f6sterna i senaste valet i Finland.<\/p>\n<p>Sedan jag flyttade till Sverige (\u00e5rsskiftet 2002-2003) fr\u00e5n England, har jag k\u00e4nt mig som &#8221;hemma&#8221;. Jag f\u00e5r prata svenska utan att bli h\u00e5nad. Jag \u00e4r gift med en svensk man och blev svensk medborgare f\u00f6r 1 1\/2 \u00e5r sedan. Det som \u00e4r trist i Sverige \u00e4r att jag f\u00e5r betala en j\u00e4kla massa skatt och f\u00e5r trots det lida av mycket s\u00e4mre sjukv\u00e5rd, tandv\u00e5rd och skolsystem \u00e4n i Finland.<\/p>\n<p>\u00c4r det s\u00e5, att jag igen skall b\u00f6rja k\u00e4nna mig som en &#8221;utb\u00f6ling&#8221;, f\u00f6r att jag \u00e4r en av dessa invandrare, som SD inte vill se i Sverige?<\/p>\n<p>Tyv\u00e4rr s\u00e5 r\u00e5kar ett s\u00e5 f\u00f6rf\u00e4rligt parti som SD ha en v\u00e4ldigt &#8221;intelligent&#8221; och skicklig retoriker som partiledare i Jimmie \u00c5kesson. Han lyckas om och om igen att ta dem ur &#8221;skiten&#8221;. Man \u00f6nskar bara att han skulle kunna bli hj\u00e4rntv\u00e4ttad och sl\u00e4ppa alla rasistiska tankar. F\u00f6r \u00f6vrigt verkar ju m\u00e5nga i SD-g\u00e4nget vara ouppfostrade och v\u00e4ldigt barnsliga individer.<\/p>\n<p>&nbsp;<\/p>\n","protected":false},"excerpt":{"rendered":"<p>Efter alla rasistiska uttalanden fr\u00e5n medlemmar i SD, kan jag bara t\u00e4nka mig att \u00e4ven vi finlandssvenskar st\u00e5r p\u00e5 SDs &#8221;hatlista&#8221;. Var i v\u00e4rlden skall vi d\u00e5 f\u00e5 k\u00e4nna oss&#8230;<\/p>\n","protected":false},"author":1,"featured_media":0,"comment_status":"open","ping_status":"open","sticky":false,"template":"","format":"standard","meta":{"_bbp_topic_count":0,"_bbp_reply_count":0,"_bbp_total_topic_count":0,"_bbp_total_reply_count":0,"_bbp_voice_count":0,"_bbp_anonymous_reply_count":0,"_bbp_topic_count_hidden":0,"_bbp_reply_count_hidden":0,"_bbp_forum_subforum_count":0,"footnotes":""},"categories":[47,57],"tags":[387,741,1044],"class_list":{"0":"post-694","1":"post","2":"type-post","3":"status-publish","4":"format-standard","6":"category-livet","7":"category-okategoriserade","8":"tag-finlandssvensk","9":"tag-livet-2","10":"tag-sd"},"_links":{"self":[{"href":"https:\/\/lindalampenius.com\/eng\/wp-json\/wp\/v2\/posts\/694","targetHints":{"allow":["GET"]}}],"collection":[{"href":"https:\/\/lindalampenius.com\/eng\/wp-json\/wp\/v2\/posts"}],"about":[{"href":"https:\/\/lindalampenius.com\/eng\/wp-json\/wp\/v2\/types\/post"}],"author":[{"embeddable":true,"href":"https:\/\/lindalampenius.com\/eng\/wp-json\/wp\/v2\/users\/1"}],"replies":[{"embeddable":true,"href":"https:\/\/lindalampenius.com\/eng\/wp-json\/wp\/v2\/comments?post=694"}],"version-history":[{"count":0,"href":"https:\/\/lindalampenius.com\/eng\/wp-json\/wp\/v2\/posts\/694\/revisions"}],"wp:attachment":[{"href":"https:\/\/lindalampenius.com\/eng\/wp-json\/wp\/v2\/media?parent=694"}],"wp:term":[{"taxonomy":"category","embeddable":true,"href":"https:\/\/lindalampenius.com\/eng\/wp-json\/wp\/v2\/categories?post=694"},{"taxonomy":"post_tag","embeddable":true,"href":"https:\/\/lindalampenius.com\/eng\/wp-json\/wp\/v2\/tags?post=694"}],"curies":[{"name":"wp","href":"https:\/\/api.w.org\/{rel}","templated":true}]}}