{"id":977,"date":"2013-01-22T04:08:56","date_gmt":"2013-01-22T03:08:56","guid":{"rendered":"http:\/\/kurera.se\/linda-lampenius\/?p=977"},"modified":"2013-01-22T04:08:56","modified_gmt":"2013-01-22T03:08:56","slug":"forsta-veckan-efter-kejsarsnittet","status":"publish","type":"post","link":"https:\/\/lindalampenius.com\/eng\/forsta-veckan-efter-kejsarsnittet\/","title":{"rendered":"F\u00f6rsta veckan efter kejsarsnittet"},"content":{"rendered":"<p>Hej alla l\u00e4sare! Jag ber om urs\u00e4kt f\u00f6r min &#8221;fr\u00e5nvaro&#8221; under den g\u00e5ngna veckan. Jag har varit i min &#8221;mammabubbla&#8221; och knappt pratat med n\u00e5gon annan \u00e4n Martin och Olivia.<br \/>\n<a href=\"http:\/\/kurera.se\/linda-lampenius\/2013\/01\/22\/forsta-veckan-efter-kejsarsnittet\/20130123_095357\/\" rel=\"attachment wp-att-982\"><img loading=\"lazy\" decoding=\"async\" class=\"alignnone size-medium wp-image-982\" alt=\"20130123_095357\" src=\"http:\/\/kurera.se\/linda-lampenius\/files\/2013\/01\/20130123_095357-435x580.jpg\" width=\"435\" height=\"580\" \/><\/a><\/p>\n<p>14.1. snittades jag p\u00e5 BB Stockholm\/Danderyds sjukhus. Ut kom s\u00f6ta Cecilia, 48 cm och 2960 g, en vecka innan ber\u00e4knat datum.<\/p>\n<p>Att bli snittad f\u00f6r andra g\u00e5ngen har varit en mer sm\u00e4rtsam upplevelse \u00e4n vid f\u00f6rsta tillf\u00e4llet. Operationen i sig har g\u00e5tt galant och operationsl\u00e4karen ber\u00e4ttade att jag hade v\u00e4ldigt lite \u00e4rrbildning efter f\u00f6rsta snittet. Man s\u00e5g knappt att jag blivit snittad, sade hon.<br \/>\nL\u00e4karen hette f\u00f6rresten Ann Hjelm Cluff. Hon \u00e4r verksamhetschef och medicinskt ansvarig l\u00e4kare f\u00f6r f\u00f6rlossningskliniken. Ansvarig barnmorska under f\u00f6rlossningen var j\u00e4tte gulliga Carolina Hjorth.<\/p>\n<p>Denna g\u00e5ng har det gjort mer ont i s\u00e5ret och det har fortsatt att sippra ut blod i en och en halv vecka. Antar att det beror p\u00e5 de blodf\u00f6rtunnande sputorna jag var tvungen att ta under en veckas tid efter f\u00f6rlossningen. Alla som \u00e4r 40+ m\u00e5ste f\u00e5 denna medicin pga \u00f6kad risk f\u00f6r blodpropp. Jag trodde att allt &#8221;stickande&#8221; skulle vara \u00f6ver efter kanylen och ryggbed\u00f6vningen, men s\u00e5 blev det allts\u00e5 inte. Martin fick agera &#8221;sjuksyrra&#8221; och sticka mig varje kv\u00e4ll.<\/p>\n<p>Amningen kom bra ig\u00e5ng p\u00e5 sjukhuset, vilket k\u00e4ndes sk\u00f6nt, men n\u00e4r vi kom hem, hade mina br\u00f6stv\u00e5rtor &#8221;f\u00e5tt nog&#8221; och b\u00f6rjade bl\u00f6da igen (som efter f\u00f6rsta f\u00f6rlossningen). S\u00e5 nu s\u00e4ger jag HALLELUJAH! f\u00f6r amningsnappar och br\u00f6stpumpar!!!<\/p>\n<p>Martin har varit ledig sedan Cecilia f\u00f6ddes&#8230;vilken skillnad j\u00e4mf\u00f6rt med f\u00f6rsta g\u00e5ngen, d\u00e5 han jobbade som en galning med resningsans\u00f6kan f\u00f6r &#8221;Thomas Quick&#8221; fr\u00e5n dag 4 fram\u00e5t!<\/p>\n<p>Martin och Olivia har varit HELT FANTASTISKA med att st\u00f6tta och hj\u00e4lpa mig med allt efter f\u00f6rlossningen!!! Jag vill bara pussa p\u00e5 dem hela tiden \ud83d\ude42<\/p>\n<p>Nu \u00e4r det definitivt slut p\u00e5 graviditeter och f\u00f6rlossningar&amp;kejsarsnitt!!! Aldrig mer!!! Vi har v\u00e5ra underbara prinsessor och k\u00e4nner att vi \u00e4r v\u00e4ldigt lyckliga i denna &#8221;familjekonstellation&#8221; \ud83d\ude42<\/p>\n<p>Nu skall vi b\u00f6rja &#8221;leva&#8221; igen. Vi planerar redan en l\u00e5ng resa till USA i sommar&#8230;<\/p>\n<p>Kramar, Linda<\/p>\n","protected":false},"excerpt":{"rendered":"<p>Hej alla l\u00e4sare! Jag ber om urs\u00e4kt f\u00f6r min &#8221;fr\u00e5nvaro&#8221; under den g\u00e5ngna veckan. Jag har varit i min &#8221;mammabubbla&#8221; och knappt pratat med n\u00e5gon annan \u00e4n Martin och Olivia&#8230;.<\/p>\n","protected":false},"author":1,"featured_media":0,"comment_status":"open","ping_status":"open","sticky":false,"template":"","format":"standard","meta":{"_bbp_topic_count":0,"_bbp_reply_count":0,"_bbp_total_topic_count":0,"_bbp_total_reply_count":0,"_bbp_voice_count":0,"_bbp_anonymous_reply_count":0,"_bbp_topic_count_hidden":0,"_bbp_reply_count_hidden":0,"_bbp_forum_subforum_count":0,"footnotes":""},"categories":[12,13,23,25,27,32,33,47,57,58],"tags":[113,114,210,253,410,636,789,1037],"class_list":{"0":"post-977","1":"post","2":"type-post","3":"status-publish","4":"format-standard","6":"category-baby","7":"category-barn","8":"category-familj","9":"category-foralder","10":"category-forlossning","11":"category-gravid","12":"category-graviditet","13":"category-livet","14":"category-okategoriserade","15":"category-olivia","16":"tag-amning","17":"tag-amningsnap","18":"tag-blodning","19":"tag-cecilia","20":"tag-forlossning-2","21":"tag-kejsarsnitt","22":"tag-martin","23":"tag-sar"},"_links":{"self":[{"href":"https:\/\/lindalampenius.com\/eng\/wp-json\/wp\/v2\/posts\/977","targetHints":{"allow":["GET"]}}],"collection":[{"href":"https:\/\/lindalampenius.com\/eng\/wp-json\/wp\/v2\/posts"}],"about":[{"href":"https:\/\/lindalampenius.com\/eng\/wp-json\/wp\/v2\/types\/post"}],"author":[{"embeddable":true,"href":"https:\/\/lindalampenius.com\/eng\/wp-json\/wp\/v2\/users\/1"}],"replies":[{"embeddable":true,"href":"https:\/\/lindalampenius.com\/eng\/wp-json\/wp\/v2\/comments?post=977"}],"version-history":[{"count":0,"href":"https:\/\/lindalampenius.com\/eng\/wp-json\/wp\/v2\/posts\/977\/revisions"}],"wp:attachment":[{"href":"https:\/\/lindalampenius.com\/eng\/wp-json\/wp\/v2\/media?parent=977"}],"wp:term":[{"taxonomy":"category","embeddable":true,"href":"https:\/\/lindalampenius.com\/eng\/wp-json\/wp\/v2\/categories?post=977"},{"taxonomy":"post_tag","embeddable":true,"href":"https:\/\/lindalampenius.com\/eng\/wp-json\/wp\/v2\/tags?post=977"}],"curies":[{"name":"wp","href":"https:\/\/api.w.org\/{rel}","templated":true}]}}